{"id":2445,"date":"2017-10-12T11:20:18","date_gmt":"2017-10-12T09:20:18","guid":{"rendered":"https:\/\/afriflora.nl\/?p=2445"},"modified":"2021-03-01T15:18:40","modified_gmt":"2021-03-01T15:18:40","slug":"edeka-nachricht-afriflora-sher-rozenspezialist-sich-sowohl-im-sozialen-als-auch-im-umweltbereich-engagiert","status":"publish","type":"post","link":"https:\/\/afriflora.nl\/de\/edeka-nachricht-afriflora-sher-rozenspezialist-sich-sowohl-im-sozialen-als-auch-im-umweltbereich-engagiert\/","title":{"rendered":"Edeka nachricht: Afriflora Sher, der Rozenspezialist, der sich sowohl im sozialen als auch im Umweltbereich engagiert"},"content":{"rendered":"<p><b>Vor kurzem erschien auf der Website von Edeka ein netter Artikel \u00fcber Afriflora Sher. Edeka ist der gr\u00f6\u00dfte Supermarktkette in Deutschland. Edeka f\u00fchrt unabh\u00e4ngige Untersuchungen zu Fair-Trade-Produkten durch, die Superm\u00e4rkte innerhalb der Edeka-Gruppe durchf\u00fchren. Verschiedene Themen werden untersucht und gezeigt, ebenso wie Afriflora Sher als Unternehmen und ihre Rosen. Mit einem positiven Ergebnis!<\/b><\/p>\n<p><span style=\"font-weight: 400;\">Wir teilen eine Zusammenfassung des folgenden Artikels:<\/span><\/p>\n<p><b>Afriflora Sher; der Rozenspezialist, der sich sowohl im sozialen als auch im Umweltbereich engagiert<\/b><\/p>\n<p><span style=\"font-weight: 400;\">&#8222;Afriflora Sher geh\u00f6rt zu den weltweit f\u00fchrenden Rozen-G\u00e4rtnereien. Im Jahr 2005 wurde das Unternehmen in der Region Ziway in \u00c4thiopien gegr\u00fcndet. Afriflora Sher \u00fcbernahm sofort soziale Verantwortung. Da die G\u00e4rtnerei nach international anerkannten Sozial- und Umweltstandards arbeitet, erhielt sie bald verschiedene Zertifikate.<\/span><\/p>\n<p><b>Arbeitsbedingungen<\/b><\/p>\n<p><span style=\"font-weight: 400;\">Afriflora Sher verwendet bedingungen, die den Fairtrade-Standards und anderen internationalen Standards entsprechen (MPS Socially Qualified SQ, Internationale Arbeitsorganisation ILO). Die L\u00f6hne der Arbeitnehmer liegen deutlich \u00fcber dem gesetzlichen Mindestlohn.<\/span><\/p>\n<p><span style=\"font-weight: 400;\">Afriflora Sher bietet ihren Angestellten auch kostenlose medizinische Versorgung, kostenlose Bildung, Termine f\u00fcr Krankschreibung und Schwangerschaft, Kinderbetreuung und vieles mehr.<\/span><\/p>\n<p><b>Umweltfreundliche Produktion<\/b><\/p>\n<p><span style=\"font-weight: 400;\">Neben sozialer Verantwortung legt Afriflora Sher auch Wert auf eine umweltfreundliche Produktion. Dies geschieht durch Wassermanagement (einschlie\u00dflich Wassersparbew\u00e4sserungssysteme), Abfallmanagement (die Verwendung von Nutzorganismen) und minimiert die Verwendung von Pflanzenschutzmitteln. Eine Reihe von Umweltstandards sind eine Voraussetzung f\u00fcr die Fair-Trade-Zertifizierung, die Afriflora Sher erf\u00fcllt.<\/span><\/p>\n<p><b>Soziale Projekte<\/b><\/p>\n<p><span style=\"font-weight: 400;\">Afriflora Sher engagiert sich f\u00fcr die Verbesserung der Lebensbedingungen in der Region Ziway. Sie hat verschiedene Projekte finanziert, darunter eine Schule, ein Krankenhaus, eine Sportanlage und eine Kirche. &#8222;<\/span><\/p>\n<p><span style=\"font-weight: 400;\">F\u00fcr die vollst\u00e4ndige Nachricht <\/span><a href=\"https:\/\/www.edeka.de\/nachhaltigkeit\/nachhaltiges-sortiment\/fairtrade-rosen\/index-2.jsp\"><span style=\"font-weight: 400;\">klicken Sie hier &gt;&gt;<\/span><\/a><\/p>\n","protected":false},"excerpt":{"rendered":"<p>Vor kurzem erschien auf der Website von Edeka ein netter Artikel \u00fcber Afriflora Sher. Edeka ist der gr\u00f6\u00dfte Supermarktkette in Deutschland. Edeka f\u00fchrt unabh\u00e4ngige Untersuchungen zu Fair-Trade-Produkten durch, die Superm\u00e4rkte innerhalb der Edeka-Gruppe durchf\u00fchren. Verschiedene Themen werden untersucht und gezeigt,&#8230;<\/p>\n","protected":false},"author":1,"featured_media":2438,"comment_status":"closed","ping_status":"closed","sticky":false,"template":"","format":"standard","meta":{"_acf_changed":false,"footnotes":""},"categories":[21],"tags":[],"class_list":["post-2445","post","type-post","status-publish","format-standard","has-post-thumbnail","hentry","category-nachrichten-de"],"acf":[],"yoast_head":"<!-- This site is optimized with the Yoast SEO plugin v27.3 - https:\/\/yoast.com\/product\/yoast-seo-wordpress\/ -->\n<title>Der Rozenspezialist, der sich im sozialen und Umweltbereich engagiert<\/title>\n<meta name=\"description\" content=\"Vor kurzem erschien auf Edeka ein netter Artikel \u00fcber Afriflora Sher; der sich sowohl im sozialen als auch im Umweltbereich engagiert\" \/>\n<meta name=\"robots\" content=\"index, follow, max-snippet:-1, max-image-preview:large, max-video-preview:-1\" \/>\n<link rel=\"canonical\" href=\"https:\/\/afriflora.nl\/de\/edeka-nachricht-afriflora-sher-rozenspezialist-sich-sowohl-im-sozialen-als-auch-im-umweltbereich-engagiert\/\" \/>\n<meta property=\"og:locale\" content=\"de_DE\" \/>\n<meta property=\"og:type\" content=\"article\" \/>\n<meta property=\"og:title\" content=\"Der Rozenspezialist, der sich im sozialen und Umweltbereich engagiert\" \/>\n<meta property=\"og:description\" content=\"Vor kurzem erschien auf Edeka ein netter Artikel \u00fcber Afriflora Sher; der sich sowohl im sozialen als auch im Umweltbereich engagiert\" \/>\n<meta property=\"og:url\" content=\"https:\/\/afriflora.nl\/de\/edeka-nachricht-afriflora-sher-rozenspezialist-sich-sowohl-im-sozialen-als-auch-im-umweltbereich-engagiert\/\" \/>\n<meta property=\"article:published_time\" content=\"2017-10-12T09:20:18+00:00\" \/>\n<meta property=\"article:modified_time\" content=\"2021-03-01T15:18:40+00:00\" \/>\n<meta property=\"og:image\" content=\"https:\/\/afriflora.nl\/wp-content\/uploads\/2017\/10\/edeka_xl.png\" \/>\n\t<meta property=\"og:image:width\" content=\"580\" \/>\n\t<meta property=\"og:image:height\" content=\"387\" \/>\n\t<meta property=\"og:image:type\" content=\"image\/png\" \/>\n<meta name=\"author\" content=\"wspadmin\" \/>\n<meta name=\"twitter:card\" content=\"summary_large_image\" \/>\n<meta name=\"twitter:label1\" content=\"Verfasst von\" \/>\n\t<meta name=\"twitter:data1\" content=\"wspadmin\" \/>\n\t<meta name=\"twitter:label2\" content=\"Gesch\u00e4tzte Lesezeit\" \/>\n\t<meta name=\"twitter:data2\" content=\"1\u00a0Minute\" \/>\n<script type=\"application\/ld+json\" class=\"yoast-schema-graph\">{\"@context\":\"https:\\\/\\\/schema.org\",\"@graph\":[{\"@type\":[\"Article\",\"BlogPosting\"],\"@id\":\"https:\\\/\\\/afriflora.nl\\\/de\\\/edeka-nachricht-afriflora-sher-rozenspezialist-sich-sowohl-im-sozialen-als-auch-im-umweltbereich-engagiert\\\/#article\",\"isPartOf\":{\"@id\":\"https:\\\/\\\/afriflora.nl\\\/de\\\/edeka-nachricht-afriflora-sher-rozenspezialist-sich-sowohl-im-sozialen-als-auch-im-umweltbereich-engagiert\\\/\"},\"author\":{\"name\":\"wspadmin\",\"@id\":\"https:\\\/\\\/afriflora.nl\\\/#\\\/schema\\\/person\\\/229361c1d54ca1922aec7e453f39585e\"},\"headline\":\"Edeka nachricht: Afriflora Sher, der Rozenspezialist, der sich sowohl im sozialen als auch im Umweltbereich engagiert\",\"datePublished\":\"2017-10-12T09:20:18+00:00\",\"dateModified\":\"2021-03-01T15:18:40+00:00\",\"mainEntityOfPage\":{\"@id\":\"https:\\\/\\\/afriflora.nl\\\/de\\\/edeka-nachricht-afriflora-sher-rozenspezialist-sich-sowohl-im-sozialen-als-auch-im-umweltbereich-engagiert\\\/\"},\"wordCount\":284,\"image\":{\"@id\":\"https:\\\/\\\/afriflora.nl\\\/de\\\/edeka-nachricht-afriflora-sher-rozenspezialist-sich-sowohl-im-sozialen-als-auch-im-umweltbereich-engagiert\\\/#primaryimage\"},\"thumbnailUrl\":\"https:\\\/\\\/afriflora.nl\\\/wp-content\\\/uploads\\\/2017\\\/10\\\/edeka_xl.png\",\"articleSection\":[\"Nachrichten\"],\"inLanguage\":\"de\"},{\"@type\":\"WebPage\",\"@id\":\"https:\\\/\\\/afriflora.nl\\\/de\\\/edeka-nachricht-afriflora-sher-rozenspezialist-sich-sowohl-im-sozialen-als-auch-im-umweltbereich-engagiert\\\/\",\"url\":\"https:\\\/\\\/afriflora.nl\\\/de\\\/edeka-nachricht-afriflora-sher-rozenspezialist-sich-sowohl-im-sozialen-als-auch-im-umweltbereich-engagiert\\\/\",\"name\":\"Der Rozenspezialist, der sich im sozialen und Umweltbereich engagiert\",\"isPartOf\":{\"@id\":\"https:\\\/\\\/afriflora.nl\\\/#website\"},\"primaryImageOfPage\":{\"@id\":\"https:\\\/\\\/afriflora.nl\\\/de\\\/edeka-nachricht-afriflora-sher-rozenspezialist-sich-sowohl-im-sozialen-als-auch-im-umweltbereich-engagiert\\\/#primaryimage\"},\"image\":{\"@id\":\"https:\\\/\\\/afriflora.nl\\\/de\\\/edeka-nachricht-afriflora-sher-rozenspezialist-sich-sowohl-im-sozialen-als-auch-im-umweltbereich-engagiert\\\/#primaryimage\"},\"thumbnailUrl\":\"https:\\\/\\\/afriflora.nl\\\/wp-content\\\/uploads\\\/2017\\\/10\\\/edeka_xl.png\",\"datePublished\":\"2017-10-12T09:20:18+00:00\",\"dateModified\":\"2021-03-01T15:18:40+00:00\",\"author\":{\"@id\":\"https:\\\/\\\/afriflora.nl\\\/#\\\/schema\\\/person\\\/229361c1d54ca1922aec7e453f39585e\"},\"description\":\"Vor kurzem erschien auf Edeka ein netter Artikel \u00fcber Afriflora Sher; der sich sowohl im sozialen als auch im Umweltbereich engagiert\",\"breadcrumb\":{\"@id\":\"https:\\\/\\\/afriflora.nl\\\/de\\\/edeka-nachricht-afriflora-sher-rozenspezialist-sich-sowohl-im-sozialen-als-auch-im-umweltbereich-engagiert\\\/#breadcrumb\"},\"inLanguage\":\"de\",\"potentialAction\":[{\"@type\":\"ReadAction\",\"target\":[\"https:\\\/\\\/afriflora.nl\\\/de\\\/edeka-nachricht-afriflora-sher-rozenspezialist-sich-sowohl-im-sozialen-als-auch-im-umweltbereich-engagiert\\\/\"]}]},{\"@type\":\"ImageObject\",\"inLanguage\":\"de\",\"@id\":\"https:\\\/\\\/afriflora.nl\\\/de\\\/edeka-nachricht-afriflora-sher-rozenspezialist-sich-sowohl-im-sozialen-als-auch-im-umweltbereich-engagiert\\\/#primaryimage\",\"url\":\"https:\\\/\\\/afriflora.nl\\\/wp-content\\\/uploads\\\/2017\\\/10\\\/edeka_xl.png\",\"contentUrl\":\"https:\\\/\\\/afriflora.nl\\\/wp-content\\\/uploads\\\/2017\\\/10\\\/edeka_xl.png\",\"width\":580,\"height\":387,\"caption\":\"edeka_xl logo - rozenspecialist\"},{\"@type\":\"BreadcrumbList\",\"@id\":\"https:\\\/\\\/afriflora.nl\\\/de\\\/edeka-nachricht-afriflora-sher-rozenspezialist-sich-sowohl-im-sozialen-als-auch-im-umweltbereich-engagiert\\\/#breadcrumb\",\"itemListElement\":[{\"@type\":\"ListItem\",\"position\":1,\"name\":\"Home\",\"item\":\"https:\\\/\\\/afriflora.nl\\\/de\\\/\"},{\"@type\":\"ListItem\",\"position\":2,\"name\":\"Edeka nachricht: Afriflora Sher, der Rozenspezialist, der sich sowohl im sozialen als auch im Umweltbereich engagiert\"}]},{\"@type\":\"WebSite\",\"@id\":\"https:\\\/\\\/afriflora.nl\\\/#website\",\"url\":\"https:\\\/\\\/afriflora.nl\\\/\",\"name\":\"\",\"description\":\"\",\"potentialAction\":[{\"@type\":\"SearchAction\",\"target\":{\"@type\":\"EntryPoint\",\"urlTemplate\":\"https:\\\/\\\/afriflora.nl\\\/?s={search_term_string}\"},\"query-input\":{\"@type\":\"PropertyValueSpecification\",\"valueRequired\":true,\"valueName\":\"search_term_string\"}}],\"inLanguage\":\"de\"},{\"@type\":\"Person\",\"@id\":\"https:\\\/\\\/afriflora.nl\\\/#\\\/schema\\\/person\\\/229361c1d54ca1922aec7e453f39585e\",\"name\":\"wspadmin\",\"image\":{\"@type\":\"ImageObject\",\"inLanguage\":\"de\",\"@id\":\"https:\\\/\\\/secure.gravatar.com\\\/avatar\\\/af4f09150566c3c2779745db8badb6c9bd9b7714c8dab0818b0f39210c6a322a?s=96&d=mm&r=g\",\"url\":\"https:\\\/\\\/secure.gravatar.com\\\/avatar\\\/af4f09150566c3c2779745db8badb6c9bd9b7714c8dab0818b0f39210c6a322a?s=96&d=mm&r=g\",\"contentUrl\":\"https:\\\/\\\/secure.gravatar.com\\\/avatar\\\/af4f09150566c3c2779745db8badb6c9bd9b7714c8dab0818b0f39210c6a322a?s=96&d=mm&r=g\",\"caption\":\"wspadmin\"}}]}<\/script>\n<!-- \/ Yoast SEO plugin. -->","yoast_head_json":{"title":"Der Rozenspezialist, der sich im sozialen und Umweltbereich engagiert","description":"Vor kurzem erschien auf Edeka ein netter Artikel \u00fcber Afriflora Sher; der sich sowohl im sozialen als auch im Umweltbereich engagiert","robots":{"index":"index","follow":"follow","max-snippet":"max-snippet:-1","max-image-preview":"max-image-preview:large","max-video-preview":"max-video-preview:-1"},"canonical":"https:\/\/afriflora.nl\/de\/edeka-nachricht-afriflora-sher-rozenspezialist-sich-sowohl-im-sozialen-als-auch-im-umweltbereich-engagiert\/","og_locale":"de_DE","og_type":"article","og_title":"Der Rozenspezialist, der sich im sozialen und Umweltbereich engagiert","og_description":"Vor kurzem erschien auf Edeka ein netter Artikel \u00fcber Afriflora Sher; der sich sowohl im sozialen als auch im Umweltbereich engagiert","og_url":"https:\/\/afriflora.nl\/de\/edeka-nachricht-afriflora-sher-rozenspezialist-sich-sowohl-im-sozialen-als-auch-im-umweltbereich-engagiert\/","article_published_time":"2017-10-12T09:20:18+00:00","article_modified_time":"2021-03-01T15:18:40+00:00","og_image":[{"width":580,"height":387,"url":"https:\/\/afriflora.nl\/wp-content\/uploads\/2017\/10\/edeka_xl.png","type":"image\/png"}],"author":"wspadmin","twitter_card":"summary_large_image","twitter_misc":{"Verfasst von":"wspadmin","Gesch\u00e4tzte Lesezeit":"1\u00a0Minute"},"schema":{"@context":"https:\/\/schema.org","@graph":[{"@type":["Article","BlogPosting"],"@id":"https:\/\/afriflora.nl\/de\/edeka-nachricht-afriflora-sher-rozenspezialist-sich-sowohl-im-sozialen-als-auch-im-umweltbereich-engagiert\/#article","isPartOf":{"@id":"https:\/\/afriflora.nl\/de\/edeka-nachricht-afriflora-sher-rozenspezialist-sich-sowohl-im-sozialen-als-auch-im-umweltbereich-engagiert\/"},"author":{"name":"wspadmin","@id":"https:\/\/afriflora.nl\/#\/schema\/person\/229361c1d54ca1922aec7e453f39585e"},"headline":"Edeka nachricht: Afriflora Sher, der Rozenspezialist, der sich sowohl im sozialen als auch im Umweltbereich engagiert","datePublished":"2017-10-12T09:20:18+00:00","dateModified":"2021-03-01T15:18:40+00:00","mainEntityOfPage":{"@id":"https:\/\/afriflora.nl\/de\/edeka-nachricht-afriflora-sher-rozenspezialist-sich-sowohl-im-sozialen-als-auch-im-umweltbereich-engagiert\/"},"wordCount":284,"image":{"@id":"https:\/\/afriflora.nl\/de\/edeka-nachricht-afriflora-sher-rozenspezialist-sich-sowohl-im-sozialen-als-auch-im-umweltbereich-engagiert\/#primaryimage"},"thumbnailUrl":"https:\/\/afriflora.nl\/wp-content\/uploads\/2017\/10\/edeka_xl.png","articleSection":["Nachrichten"],"inLanguage":"de"},{"@type":"WebPage","@id":"https:\/\/afriflora.nl\/de\/edeka-nachricht-afriflora-sher-rozenspezialist-sich-sowohl-im-sozialen-als-auch-im-umweltbereich-engagiert\/","url":"https:\/\/afriflora.nl\/de\/edeka-nachricht-afriflora-sher-rozenspezialist-sich-sowohl-im-sozialen-als-auch-im-umweltbereich-engagiert\/","name":"Der Rozenspezialist, der sich im sozialen und Umweltbereich engagiert","isPartOf":{"@id":"https:\/\/afriflora.nl\/#website"},"primaryImageOfPage":{"@id":"https:\/\/afriflora.nl\/de\/edeka-nachricht-afriflora-sher-rozenspezialist-sich-sowohl-im-sozialen-als-auch-im-umweltbereich-engagiert\/#primaryimage"},"image":{"@id":"https:\/\/afriflora.nl\/de\/edeka-nachricht-afriflora-sher-rozenspezialist-sich-sowohl-im-sozialen-als-auch-im-umweltbereich-engagiert\/#primaryimage"},"thumbnailUrl":"https:\/\/afriflora.nl\/wp-content\/uploads\/2017\/10\/edeka_xl.png","datePublished":"2017-10-12T09:20:18+00:00","dateModified":"2021-03-01T15:18:40+00:00","author":{"@id":"https:\/\/afriflora.nl\/#\/schema\/person\/229361c1d54ca1922aec7e453f39585e"},"description":"Vor kurzem erschien auf Edeka ein netter Artikel \u00fcber Afriflora Sher; der sich sowohl im sozialen als auch im Umweltbereich engagiert","breadcrumb":{"@id":"https:\/\/afriflora.nl\/de\/edeka-nachricht-afriflora-sher-rozenspezialist-sich-sowohl-im-sozialen-als-auch-im-umweltbereich-engagiert\/#breadcrumb"},"inLanguage":"de","potentialAction":[{"@type":"ReadAction","target":["https:\/\/afriflora.nl\/de\/edeka-nachricht-afriflora-sher-rozenspezialist-sich-sowohl-im-sozialen-als-auch-im-umweltbereich-engagiert\/"]}]},{"@type":"ImageObject","inLanguage":"de","@id":"https:\/\/afriflora.nl\/de\/edeka-nachricht-afriflora-sher-rozenspezialist-sich-sowohl-im-sozialen-als-auch-im-umweltbereich-engagiert\/#primaryimage","url":"https:\/\/afriflora.nl\/wp-content\/uploads\/2017\/10\/edeka_xl.png","contentUrl":"https:\/\/afriflora.nl\/wp-content\/uploads\/2017\/10\/edeka_xl.png","width":580,"height":387,"caption":"edeka_xl logo - rozenspecialist"},{"@type":"BreadcrumbList","@id":"https:\/\/afriflora.nl\/de\/edeka-nachricht-afriflora-sher-rozenspezialist-sich-sowohl-im-sozialen-als-auch-im-umweltbereich-engagiert\/#breadcrumb","itemListElement":[{"@type":"ListItem","position":1,"name":"Home","item":"https:\/\/afriflora.nl\/de\/"},{"@type":"ListItem","position":2,"name":"Edeka nachricht: Afriflora Sher, der Rozenspezialist, der sich sowohl im sozialen als auch im Umweltbereich engagiert"}]},{"@type":"WebSite","@id":"https:\/\/afriflora.nl\/#website","url":"https:\/\/afriflora.nl\/","name":"","description":"","potentialAction":[{"@type":"SearchAction","target":{"@type":"EntryPoint","urlTemplate":"https:\/\/afriflora.nl\/?s={search_term_string}"},"query-input":{"@type":"PropertyValueSpecification","valueRequired":true,"valueName":"search_term_string"}}],"inLanguage":"de"},{"@type":"Person","@id":"https:\/\/afriflora.nl\/#\/schema\/person\/229361c1d54ca1922aec7e453f39585e","name":"wspadmin","image":{"@type":"ImageObject","inLanguage":"de","@id":"https:\/\/secure.gravatar.com\/avatar\/af4f09150566c3c2779745db8badb6c9bd9b7714c8dab0818b0f39210c6a322a?s=96&d=mm&r=g","url":"https:\/\/secure.gravatar.com\/avatar\/af4f09150566c3c2779745db8badb6c9bd9b7714c8dab0818b0f39210c6a322a?s=96&d=mm&r=g","contentUrl":"https:\/\/secure.gravatar.com\/avatar\/af4f09150566c3c2779745db8badb6c9bd9b7714c8dab0818b0f39210c6a322a?s=96&d=mm&r=g","caption":"wspadmin"}}]}},"_links":{"self":[{"href":"https:\/\/afriflora.nl\/de\/wp-json\/wp\/v2\/posts\/2445","targetHints":{"allow":["GET"]}}],"collection":[{"href":"https:\/\/afriflora.nl\/de\/wp-json\/wp\/v2\/posts"}],"about":[{"href":"https:\/\/afriflora.nl\/de\/wp-json\/wp\/v2\/types\/post"}],"author":[{"embeddable":true,"href":"https:\/\/afriflora.nl\/de\/wp-json\/wp\/v2\/users\/1"}],"replies":[{"embeddable":true,"href":"https:\/\/afriflora.nl\/de\/wp-json\/wp\/v2\/comments?post=2445"}],"version-history":[{"count":1,"href":"https:\/\/afriflora.nl\/de\/wp-json\/wp\/v2\/posts\/2445\/revisions"}],"predecessor-version":[{"id":2446,"href":"https:\/\/afriflora.nl\/de\/wp-json\/wp\/v2\/posts\/2445\/revisions\/2446"}],"wp:featuredmedia":[{"embeddable":true,"href":"https:\/\/afriflora.nl\/de\/wp-json\/wp\/v2\/media\/2438"}],"wp:attachment":[{"href":"https:\/\/afriflora.nl\/de\/wp-json\/wp\/v2\/media?parent=2445"}],"wp:term":[{"taxonomy":"category","embeddable":true,"href":"https:\/\/afriflora.nl\/de\/wp-json\/wp\/v2\/categories?post=2445"},{"taxonomy":"post_tag","embeddable":true,"href":"https:\/\/afriflora.nl\/de\/wp-json\/wp\/v2\/tags?post=2445"}],"curies":[{"name":"wp","href":"https:\/\/api.w.org\/{rel}","templated":true}]}}