{"id":2473,"date":"2017-11-02T11:01:52","date_gmt":"2017-11-02T10:01:52","guid":{"rendered":"https:\/\/afriflora.nl\/?p=2473"},"modified":"2017-11-16T11:07:13","modified_gmt":"2017-11-16T10:07:13","slug":"afriflora-sher-auf-der-trade-fair-aalsmeer-2017","status":"publish","type":"post","link":"https:\/\/afriflora.nl\/de\/afriflora-sher-auf-der-trade-fair-aalsmeer-2017\/","title":{"rendered":"Afriflora Sher auf der Trade Fair Aalsmeer 2017"},"content":{"rendered":"<p><strong>Sie k\u00f6nnen 8, 9 und 10 November in Ihr Tagebuch aufnehmen, weil Afriflora Sher n\u00e4chste Woche auf der Trade Fair 2017 in Aalsmeer sein wird. Die internationale Blumenzucht verbindet sich w\u00e4hrend dieser Ausstellung, um sich zu vernetzen, Wissen zu teilen und sich inspirieren zu lassen.<\/strong><\/p>\n<p><b>Die sauberen Rosen von Afriflora Sher<\/b><\/p>\n<p><span style=\"font-weight: 400;\">Afriflora Sher hat in den letzten Jahren in \u00c4thiopien eine Rosenzucht aufgebaut, in der sie sich um ein gut funktionierendes, ausgeglichenes \u00d6kosystem bem\u00fcht. Afriflora Sher tr\u00e4gt so viel wie m\u00f6glich zur biologischen Kontrolle bei und tr\u00e4gt so zur Gesundheit von Mensch und Umwelt bei. Inzwischen sind 90% der Rosen nicht chemisch, sondern biologisch gez\u00fcchtet.<\/span><\/p>\n<p><span style=\"font-weight: 400;\">Weil sie ihre Rosen so sauber wie m\u00f6glich wachsen lassen will, setzt sich Afriflora Sher hohe Ma\u00dfst\u00e4be. Sie wird auch regelm\u00e4\u00dfig von unabh\u00e4ngigen Organisationen \u00fcberpr\u00fcft, so dass Afriflora Sher im Besitz verschiedener Zertifikate ist.<\/span><\/p>\n<p><span style=\"font-weight: 400;\">Die Art des Anbaus passt zum betriebs philosophie. Auf der neuen Website von Afriflora Sher finden Sie weitere Informationen \u00fcber Afriflora ihren Beitrag zu einer sauberen Umwelt, die Partner, mit denen sie zusammenarbeitet, und die gesamte Gesch\u00e4ftsf\u00fchrung.<\/span><\/p>\n<p><b>Trade Fair<\/b><\/p>\n<p><span style=\"font-weight: 400;\">Am 8., 9. und 10. November k\u00f6nnen Sie das Angebot von Afriflora Sher auf der Trade Fair besuchen und sich pers\u00f6nlich \u00fcber die Gesch\u00e4ftsf\u00fchrung informieren.<\/span><\/p>\n<p><strong>Sie finden Afriflora Sher am Stand 14.4<\/strong><\/p>\n<p><span style=\"font-weight: 400;\">Sehen wir uns n\u00e4chste Woche?<\/span><\/p>\n<p><strong>\u00d6ffnungszeiten der Trade Fair:<\/strong><\/p>\n<p><span style=\"font-weight: 400;\">Mittwoch &amp; Donnerstag: 9 bis 17 Uhr<\/span><\/p>\n<p><span style=\"font-weight: 400;\">Freitag: 9 bis 15 Uhr.<\/span><\/p>\n<p>&nbsp;<\/p>\n","protected":false},"excerpt":{"rendered":"<p>Sie k\u00f6nnen 8, 9 und 10 November in Ihr Tagebuch aufnehmen, weil Afriflora Sher n\u00e4chste Woche auf der Trade Fair 2017 in Aalsmeer sein wird. Die internationale Blumenzucht verbindet sich w\u00e4hrend dieser Ausstellung, um sich zu vernetzen, Wissen zu teilen&#8230;<\/p>\n","protected":false},"author":1,"featured_media":2452,"comment_status":"closed","ping_status":"closed","sticky":false,"template":"","format":"standard","meta":{"_acf_changed":false,"footnotes":""},"categories":[21],"tags":[],"class_list":["post-2473","post","type-post","status-publish","format-standard","has-post-thumbnail","hentry","category-nachrichten-de"],"acf":[],"yoast_head":"<!-- This site is optimized with the Yoast SEO plugin v27.3 - https:\/\/yoast.com\/product\/yoast-seo-wordpress\/ -->\n<title>Afriflora Sher auf der Trade Fair Aalsmeer 2017 - Afriflora Sher<\/title>\n<meta name=\"description\" content=\"Sie k\u00f6nnen 8, 9 und 10 November in Ihr Tagebuch aufnehmen, weil Afriflora Sher auf der Trade Fair Aalsmeer 2017 sein wird.\" \/>\n<meta name=\"robots\" content=\"index, follow, max-snippet:-1, max-image-preview:large, max-video-preview:-1\" \/>\n<link rel=\"canonical\" href=\"https:\/\/afriflora.nl\/de\/afriflora-sher-auf-der-trade-fair-aalsmeer-2017\/\" \/>\n<meta property=\"og:locale\" content=\"de_DE\" \/>\n<meta property=\"og:type\" content=\"article\" \/>\n<meta property=\"og:title\" content=\"Afriflora Sher auf der Trade Fair Aalsmeer 2017 - Afriflora Sher\" \/>\n<meta property=\"og:description\" content=\"Sie k\u00f6nnen 8, 9 und 10 November in Ihr Tagebuch aufnehmen, weil Afriflora Sher auf der Trade Fair Aalsmeer 2017 sein wird.\" \/>\n<meta property=\"og:url\" content=\"https:\/\/afriflora.nl\/de\/afriflora-sher-auf-der-trade-fair-aalsmeer-2017\/\" \/>\n<meta property=\"article:published_time\" content=\"2017-11-02T10:01:52+00:00\" \/>\n<meta property=\"article:modified_time\" content=\"2017-11-16T10:07:13+00:00\" \/>\n<meta property=\"og:image\" content=\"https:\/\/afriflora.nl\/wp-content\/uploads\/2017\/11\/Afriflora-Sher-aanwezig-tijdens-Trade-fair-Aalsmeer.png\" \/>\n\t<meta property=\"og:image:width\" content=\"1011\" \/>\n\t<meta property=\"og:image:height\" content=\"432\" \/>\n\t<meta property=\"og:image:type\" content=\"image\/png\" \/>\n<meta name=\"author\" content=\"wspadmin\" \/>\n<meta name=\"twitter:card\" content=\"summary_large_image\" \/>\n<meta name=\"twitter:label1\" content=\"Verfasst von\" \/>\n\t<meta name=\"twitter:data1\" content=\"wspadmin\" \/>\n\t<meta name=\"twitter:label2\" content=\"Gesch\u00e4tzte Lesezeit\" \/>\n\t<meta name=\"twitter:data2\" content=\"1\u00a0Minute\" \/>\n<script type=\"application\/ld+json\" class=\"yoast-schema-graph\">{\"@context\":\"https:\\\/\\\/schema.org\",\"@graph\":[{\"@type\":[\"Article\",\"BlogPosting\"],\"@id\":\"https:\\\/\\\/afriflora.nl\\\/de\\\/afriflora-sher-auf-der-trade-fair-aalsmeer-2017\\\/#article\",\"isPartOf\":{\"@id\":\"https:\\\/\\\/afriflora.nl\\\/de\\\/afriflora-sher-auf-der-trade-fair-aalsmeer-2017\\\/\"},\"author\":{\"name\":\"wspadmin\",\"@id\":\"https:\\\/\\\/afriflora.nl\\\/#\\\/schema\\\/person\\\/229361c1d54ca1922aec7e453f39585e\"},\"headline\":\"Afriflora Sher auf der Trade Fair Aalsmeer 2017\",\"datePublished\":\"2017-11-02T10:01:52+00:00\",\"dateModified\":\"2017-11-16T10:07:13+00:00\",\"mainEntityOfPage\":{\"@id\":\"https:\\\/\\\/afriflora.nl\\\/de\\\/afriflora-sher-auf-der-trade-fair-aalsmeer-2017\\\/\"},\"wordCount\":247,\"image\":{\"@id\":\"https:\\\/\\\/afriflora.nl\\\/de\\\/afriflora-sher-auf-der-trade-fair-aalsmeer-2017\\\/#primaryimage\"},\"thumbnailUrl\":\"https:\\\/\\\/afriflora.nl\\\/wp-content\\\/uploads\\\/2017\\\/11\\\/Afriflora-Sher-aanwezig-tijdens-Trade-fair-Aalsmeer.png\",\"articleSection\":[\"Nachrichten\"],\"inLanguage\":\"de\"},{\"@type\":\"WebPage\",\"@id\":\"https:\\\/\\\/afriflora.nl\\\/de\\\/afriflora-sher-auf-der-trade-fair-aalsmeer-2017\\\/\",\"url\":\"https:\\\/\\\/afriflora.nl\\\/de\\\/afriflora-sher-auf-der-trade-fair-aalsmeer-2017\\\/\",\"name\":\"Afriflora Sher auf der Trade Fair Aalsmeer 2017 - Afriflora Sher\",\"isPartOf\":{\"@id\":\"https:\\\/\\\/afriflora.nl\\\/#website\"},\"primaryImageOfPage\":{\"@id\":\"https:\\\/\\\/afriflora.nl\\\/de\\\/afriflora-sher-auf-der-trade-fair-aalsmeer-2017\\\/#primaryimage\"},\"image\":{\"@id\":\"https:\\\/\\\/afriflora.nl\\\/de\\\/afriflora-sher-auf-der-trade-fair-aalsmeer-2017\\\/#primaryimage\"},\"thumbnailUrl\":\"https:\\\/\\\/afriflora.nl\\\/wp-content\\\/uploads\\\/2017\\\/11\\\/Afriflora-Sher-aanwezig-tijdens-Trade-fair-Aalsmeer.png\",\"datePublished\":\"2017-11-02T10:01:52+00:00\",\"dateModified\":\"2017-11-16T10:07:13+00:00\",\"author\":{\"@id\":\"https:\\\/\\\/afriflora.nl\\\/#\\\/schema\\\/person\\\/229361c1d54ca1922aec7e453f39585e\"},\"description\":\"Sie k\u00f6nnen 8, 9 und 10 November in Ihr Tagebuch aufnehmen, weil Afriflora Sher auf der Trade Fair Aalsmeer 2017 sein wird.\",\"breadcrumb\":{\"@id\":\"https:\\\/\\\/afriflora.nl\\\/de\\\/afriflora-sher-auf-der-trade-fair-aalsmeer-2017\\\/#breadcrumb\"},\"inLanguage\":\"de\",\"potentialAction\":[{\"@type\":\"ReadAction\",\"target\":[\"https:\\\/\\\/afriflora.nl\\\/de\\\/afriflora-sher-auf-der-trade-fair-aalsmeer-2017\\\/\"]}]},{\"@type\":\"ImageObject\",\"inLanguage\":\"de\",\"@id\":\"https:\\\/\\\/afriflora.nl\\\/de\\\/afriflora-sher-auf-der-trade-fair-aalsmeer-2017\\\/#primaryimage\",\"url\":\"https:\\\/\\\/afriflora.nl\\\/wp-content\\\/uploads\\\/2017\\\/11\\\/Afriflora-Sher-aanwezig-tijdens-Trade-fair-Aalsmeer.png\",\"contentUrl\":\"https:\\\/\\\/afriflora.nl\\\/wp-content\\\/uploads\\\/2017\\\/11\\\/Afriflora-Sher-aanwezig-tijdens-Trade-fair-Aalsmeer.png\",\"width\":1011,\"height\":432,\"caption\":\"Afriflora Sher auf der Trade Fair Aalsmeer 2017\"},{\"@type\":\"BreadcrumbList\",\"@id\":\"https:\\\/\\\/afriflora.nl\\\/de\\\/afriflora-sher-auf-der-trade-fair-aalsmeer-2017\\\/#breadcrumb\",\"itemListElement\":[{\"@type\":\"ListItem\",\"position\":1,\"name\":\"Home\",\"item\":\"https:\\\/\\\/afriflora.nl\\\/de\\\/\"},{\"@type\":\"ListItem\",\"position\":2,\"name\":\"Afriflora Sher auf der Trade Fair Aalsmeer 2017\"}]},{\"@type\":\"WebSite\",\"@id\":\"https:\\\/\\\/afriflora.nl\\\/#website\",\"url\":\"https:\\\/\\\/afriflora.nl\\\/\",\"name\":\"\",\"description\":\"\",\"potentialAction\":[{\"@type\":\"SearchAction\",\"target\":{\"@type\":\"EntryPoint\",\"urlTemplate\":\"https:\\\/\\\/afriflora.nl\\\/?s={search_term_string}\"},\"query-input\":{\"@type\":\"PropertyValueSpecification\",\"valueRequired\":true,\"valueName\":\"search_term_string\"}}],\"inLanguage\":\"de\"},{\"@type\":\"Person\",\"@id\":\"https:\\\/\\\/afriflora.nl\\\/#\\\/schema\\\/person\\\/229361c1d54ca1922aec7e453f39585e\",\"name\":\"wspadmin\",\"image\":{\"@type\":\"ImageObject\",\"inLanguage\":\"de\",\"@id\":\"https:\\\/\\\/secure.gravatar.com\\\/avatar\\\/af4f09150566c3c2779745db8badb6c9bd9b7714c8dab0818b0f39210c6a322a?s=96&d=mm&r=g\",\"url\":\"https:\\\/\\\/secure.gravatar.com\\\/avatar\\\/af4f09150566c3c2779745db8badb6c9bd9b7714c8dab0818b0f39210c6a322a?s=96&d=mm&r=g\",\"contentUrl\":\"https:\\\/\\\/secure.gravatar.com\\\/avatar\\\/af4f09150566c3c2779745db8badb6c9bd9b7714c8dab0818b0f39210c6a322a?s=96&d=mm&r=g\",\"caption\":\"wspadmin\"}}]}<\/script>\n<!-- \/ Yoast SEO plugin. -->","yoast_head_json":{"title":"Afriflora Sher auf der Trade Fair Aalsmeer 2017 - Afriflora Sher","description":"Sie k\u00f6nnen 8, 9 und 10 November in Ihr Tagebuch aufnehmen, weil Afriflora Sher auf der Trade Fair Aalsmeer 2017 sein wird.","robots":{"index":"index","follow":"follow","max-snippet":"max-snippet:-1","max-image-preview":"max-image-preview:large","max-video-preview":"max-video-preview:-1"},"canonical":"https:\/\/afriflora.nl\/de\/afriflora-sher-auf-der-trade-fair-aalsmeer-2017\/","og_locale":"de_DE","og_type":"article","og_title":"Afriflora Sher auf der Trade Fair Aalsmeer 2017 - Afriflora Sher","og_description":"Sie k\u00f6nnen 8, 9 und 10 November in Ihr Tagebuch aufnehmen, weil Afriflora Sher auf der Trade Fair Aalsmeer 2017 sein wird.","og_url":"https:\/\/afriflora.nl\/de\/afriflora-sher-auf-der-trade-fair-aalsmeer-2017\/","article_published_time":"2017-11-02T10:01:52+00:00","article_modified_time":"2017-11-16T10:07:13+00:00","og_image":[{"width":1011,"height":432,"url":"https:\/\/afriflora.nl\/wp-content\/uploads\/2017\/11\/Afriflora-Sher-aanwezig-tijdens-Trade-fair-Aalsmeer.png","type":"image\/png"}],"author":"wspadmin","twitter_card":"summary_large_image","twitter_misc":{"Verfasst von":"wspadmin","Gesch\u00e4tzte Lesezeit":"1\u00a0Minute"},"schema":{"@context":"https:\/\/schema.org","@graph":[{"@type":["Article","BlogPosting"],"@id":"https:\/\/afriflora.nl\/de\/afriflora-sher-auf-der-trade-fair-aalsmeer-2017\/#article","isPartOf":{"@id":"https:\/\/afriflora.nl\/de\/afriflora-sher-auf-der-trade-fair-aalsmeer-2017\/"},"author":{"name":"wspadmin","@id":"https:\/\/afriflora.nl\/#\/schema\/person\/229361c1d54ca1922aec7e453f39585e"},"headline":"Afriflora Sher auf der Trade Fair Aalsmeer 2017","datePublished":"2017-11-02T10:01:52+00:00","dateModified":"2017-11-16T10:07:13+00:00","mainEntityOfPage":{"@id":"https:\/\/afriflora.nl\/de\/afriflora-sher-auf-der-trade-fair-aalsmeer-2017\/"},"wordCount":247,"image":{"@id":"https:\/\/afriflora.nl\/de\/afriflora-sher-auf-der-trade-fair-aalsmeer-2017\/#primaryimage"},"thumbnailUrl":"https:\/\/afriflora.nl\/wp-content\/uploads\/2017\/11\/Afriflora-Sher-aanwezig-tijdens-Trade-fair-Aalsmeer.png","articleSection":["Nachrichten"],"inLanguage":"de"},{"@type":"WebPage","@id":"https:\/\/afriflora.nl\/de\/afriflora-sher-auf-der-trade-fair-aalsmeer-2017\/","url":"https:\/\/afriflora.nl\/de\/afriflora-sher-auf-der-trade-fair-aalsmeer-2017\/","name":"Afriflora Sher auf der Trade Fair Aalsmeer 2017 - Afriflora Sher","isPartOf":{"@id":"https:\/\/afriflora.nl\/#website"},"primaryImageOfPage":{"@id":"https:\/\/afriflora.nl\/de\/afriflora-sher-auf-der-trade-fair-aalsmeer-2017\/#primaryimage"},"image":{"@id":"https:\/\/afriflora.nl\/de\/afriflora-sher-auf-der-trade-fair-aalsmeer-2017\/#primaryimage"},"thumbnailUrl":"https:\/\/afriflora.nl\/wp-content\/uploads\/2017\/11\/Afriflora-Sher-aanwezig-tijdens-Trade-fair-Aalsmeer.png","datePublished":"2017-11-02T10:01:52+00:00","dateModified":"2017-11-16T10:07:13+00:00","author":{"@id":"https:\/\/afriflora.nl\/#\/schema\/person\/229361c1d54ca1922aec7e453f39585e"},"description":"Sie k\u00f6nnen 8, 9 und 10 November in Ihr Tagebuch aufnehmen, weil Afriflora Sher auf der Trade Fair Aalsmeer 2017 sein wird.","breadcrumb":{"@id":"https:\/\/afriflora.nl\/de\/afriflora-sher-auf-der-trade-fair-aalsmeer-2017\/#breadcrumb"},"inLanguage":"de","potentialAction":[{"@type":"ReadAction","target":["https:\/\/afriflora.nl\/de\/afriflora-sher-auf-der-trade-fair-aalsmeer-2017\/"]}]},{"@type":"ImageObject","inLanguage":"de","@id":"https:\/\/afriflora.nl\/de\/afriflora-sher-auf-der-trade-fair-aalsmeer-2017\/#primaryimage","url":"https:\/\/afriflora.nl\/wp-content\/uploads\/2017\/11\/Afriflora-Sher-aanwezig-tijdens-Trade-fair-Aalsmeer.png","contentUrl":"https:\/\/afriflora.nl\/wp-content\/uploads\/2017\/11\/Afriflora-Sher-aanwezig-tijdens-Trade-fair-Aalsmeer.png","width":1011,"height":432,"caption":"Afriflora Sher auf der Trade Fair Aalsmeer 2017"},{"@type":"BreadcrumbList","@id":"https:\/\/afriflora.nl\/de\/afriflora-sher-auf-der-trade-fair-aalsmeer-2017\/#breadcrumb","itemListElement":[{"@type":"ListItem","position":1,"name":"Home","item":"https:\/\/afriflora.nl\/de\/"},{"@type":"ListItem","position":2,"name":"Afriflora Sher auf der Trade Fair Aalsmeer 2017"}]},{"@type":"WebSite","@id":"https:\/\/afriflora.nl\/#website","url":"https:\/\/afriflora.nl\/","name":"","description":"","potentialAction":[{"@type":"SearchAction","target":{"@type":"EntryPoint","urlTemplate":"https:\/\/afriflora.nl\/?s={search_term_string}"},"query-input":{"@type":"PropertyValueSpecification","valueRequired":true,"valueName":"search_term_string"}}],"inLanguage":"de"},{"@type":"Person","@id":"https:\/\/afriflora.nl\/#\/schema\/person\/229361c1d54ca1922aec7e453f39585e","name":"wspadmin","image":{"@type":"ImageObject","inLanguage":"de","@id":"https:\/\/secure.gravatar.com\/avatar\/af4f09150566c3c2779745db8badb6c9bd9b7714c8dab0818b0f39210c6a322a?s=96&d=mm&r=g","url":"https:\/\/secure.gravatar.com\/avatar\/af4f09150566c3c2779745db8badb6c9bd9b7714c8dab0818b0f39210c6a322a?s=96&d=mm&r=g","contentUrl":"https:\/\/secure.gravatar.com\/avatar\/af4f09150566c3c2779745db8badb6c9bd9b7714c8dab0818b0f39210c6a322a?s=96&d=mm&r=g","caption":"wspadmin"}}]}},"_links":{"self":[{"href":"https:\/\/afriflora.nl\/de\/wp-json\/wp\/v2\/posts\/2473","targetHints":{"allow":["GET"]}}],"collection":[{"href":"https:\/\/afriflora.nl\/de\/wp-json\/wp\/v2\/posts"}],"about":[{"href":"https:\/\/afriflora.nl\/de\/wp-json\/wp\/v2\/types\/post"}],"author":[{"embeddable":true,"href":"https:\/\/afriflora.nl\/de\/wp-json\/wp\/v2\/users\/1"}],"replies":[{"embeddable":true,"href":"https:\/\/afriflora.nl\/de\/wp-json\/wp\/v2\/comments?post=2473"}],"version-history":[{"count":2,"href":"https:\/\/afriflora.nl\/de\/wp-json\/wp\/v2\/posts\/2473\/revisions"}],"predecessor-version":[{"id":2475,"href":"https:\/\/afriflora.nl\/de\/wp-json\/wp\/v2\/posts\/2473\/revisions\/2475"}],"wp:featuredmedia":[{"embeddable":true,"href":"https:\/\/afriflora.nl\/de\/wp-json\/wp\/v2\/media\/2452"}],"wp:attachment":[{"href":"https:\/\/afriflora.nl\/de\/wp-json\/wp\/v2\/media?parent=2473"}],"wp:term":[{"taxonomy":"category","embeddable":true,"href":"https:\/\/afriflora.nl\/de\/wp-json\/wp\/v2\/categories?post=2473"},{"taxonomy":"post_tag","embeddable":true,"href":"https:\/\/afriflora.nl\/de\/wp-json\/wp\/v2\/tags?post=2473"}],"curies":[{"name":"wp","href":"https:\/\/api.w.org\/{rel}","templated":true}]}}