{"id":3092,"date":"2019-07-09T13:22:02","date_gmt":"2019-07-09T11:22:02","guid":{"rendered":"https:\/\/afriflora.nl\/afriflora-ondertekent-imvo-convenant-sierteelt\/"},"modified":"2024-08-30T12:49:59","modified_gmt":"2024-08-30T12:49:59","slug":"afriflora-unterzeichnet-imvo-pakt-fuer-blumenzucht","status":"publish","type":"post","link":"https:\/\/afriflora.nl\/de\/afriflora-unterzeichnet-imvo-pakt-fuer-blumenzucht\/","title":{"rendered":"AFRIFLORA unterzeichnet IMVO Pakt f\u00fcr Blumenzucht"},"content":{"rendered":"<p><strong>Am 2. Juli wurde im World Horti Center in Naaldwijk das <a href=\"https:\/\/www.imvoconvenanten.nl\/sierteeltsector?sc_lang=nl\" target=\"_blank\" rel=\"noopener\">IMVO Pakt f\u00fcr Blumenzucht<\/a> unterzeichnet.\u00a0Vertreter des niederl\u00e4ndischen Blumenzucht haben zusammen mit Regierung, Gewerkschaften und Nichtregierungsorganisationen Vereinbarungen \u00fcber eine verantwortungsvollere internationale Zierpflanzen- und Blumen Produktion getroffen.\u00a0<\/strong><\/p>\n<p>Der Pakt wurde nach einer intensiven Konsultation des <a href=\"https:\/\/www.ser.nl\/nl\" target=\"_blank\" rel=\"noopener\">Sozial- und Wirtschaftsrates<\/a> geschlossen und baut auf der bestehenden Sektor initiative auf: der <a href=\"https:\/\/fsi2020.com\/\" target=\"_blank\" rel=\"noopener\">Floriculture Sustainability Initiative (FSI)<\/a>. Minister Kaag f\u00fcr Au\u00dfenhandel und Entwicklungszusammenarbeit und Minister Schouten f\u00fcr Landwirtschaft, Naturschutz und Lebensmittelqualit\u00e4t haben den Pakt im Namen der Regierung unterzeichnet.<\/p>\n<p><img loading=\"lazy\" decoding=\"async\" class=\"alignnone wp-image-6997 size-medium\" src=\"https:\/\/afriflora.nl\/wp-content\/uploads\/2024\/08\/AFRIFLORA-ondertekent-IMVO-convenant-sierteelt-afbeelding-300x199.jpeg\" alt=\"AFRIFLORA ondertekent IMVO convenant sierteelt - ondertekening\" width=\"554\" height=\"369\" srcset=\"https:\/\/afriflora.nl\/wp-content\/uploads\/2024\/08\/AFRIFLORA-ondertekent-IMVO-convenant-sierteelt-afbeelding-300x199.jpeg 300w, https:\/\/afriflora.nl\/wp-content\/uploads\/2024\/08\/AFRIFLORA-ondertekent-IMVO-convenant-sierteelt-afbeelding-1024x680.jpeg 1024w, https:\/\/afriflora.nl\/wp-content\/uploads\/2024\/08\/AFRIFLORA-ondertekent-IMVO-convenant-sierteelt-afbeelding-768x510.jpeg 768w, https:\/\/afriflora.nl\/wp-content\/uploads\/2024\/08\/AFRIFLORA-ondertekent-IMVO-convenant-sierteelt-afbeelding-407x270.jpeg 407w, https:\/\/afriflora.nl\/wp-content\/uploads\/2024\/08\/AFRIFLORA-ondertekent-IMVO-convenant-sierteelt-afbeelding.jpeg 1095w\" sizes=\"auto, (max-width: 554px) 100vw, 554px\" \/><\/p>\n<p>AFRI FLORA war eng an der Umsetzung dieses Vertrags beteiligt und ist der \u00dcberzeugung, dass gemeinsame Vereinbarungen im Bereich der Anwendung von Pflanzenschutzmitteln, des Wasserverbrauchs und der L\u00f6hne zu einer nachhaltigen Blumenkette beitragen. Im Namen von AFRI FLORA wurde die Vereinbarung vom Vorstandsmitglied Michel van den Bogaard unterzeichnet: \u201eAls Rosenz\u00fcchter mit firmen in \u00c4thiopien sind wir t\u00e4glich um unsere Auswirkungen auf Mensch und Umwelt bem\u00fcht. Wir glauben dass dies mit einem gesunden Gesch\u00e4ftsbetrieb zusammen gehen kann und dass wir als Branche gemeinsam die Standard h\u00f6her bringen m\u00fcssen. &#8220;<\/p>\n<p style=\"font-weight: 400;\"><img loading=\"lazy\" decoding=\"async\" class=\"alignleft wp-image-3081\" src=\"https:\/\/afriflora.nl\/wp-content\/uploads\/2019\/07\/0471imvosierteeltvdbogaard_48186858677_o.jpg\" alt=\"Michel vd Bogaard ondertekent IMVO convenant sierteelt\" width=\"554\" height=\"369\" srcset=\"https:\/\/afriflora.nl\/wp-content\/uploads\/2019\/07\/0471imvosierteeltvdbogaard_48186858677_o.jpg 1250w, https:\/\/afriflora.nl\/wp-content\/uploads\/2019\/07\/0471imvosierteeltvdbogaard_48186858677_o-300x200.jpg 300w, https:\/\/afriflora.nl\/wp-content\/uploads\/2019\/07\/0471imvosierteeltvdbogaard_48186858677_o-768x512.jpg 768w, https:\/\/afriflora.nl\/wp-content\/uploads\/2019\/07\/0471imvosierteeltvdbogaard_48186858677_o-1024x682.jpg 1024w, https:\/\/afriflora.nl\/wp-content\/uploads\/2019\/07\/0471imvosierteeltvdbogaard_48186858677_o-405x270.jpg 405w\" sizes=\"auto, (max-width: 554px) 100vw, 554px\" \/><\/p>\n","protected":false},"excerpt":{"rendered":"<p>Am 2. Juli wurde im World Horti Center in Naaldwijk das IMVO Pakt f\u00fcr Blumenzucht unterzeichnet.\u00a0Vertreter des niederl\u00e4ndischen Blumenzucht haben zusammen mit Regierung, Gewerkschaften und Nichtregierungsorganisationen Vereinbarungen \u00fcber eine verantwortungsvollere internationale Zierpflanzen- und Blumen Produktion getroffen.\u00a0 Der Pakt wurde nach&#8230;<\/p>\n","protected":false},"author":1,"featured_media":3087,"comment_status":"closed","ping_status":"closed","sticky":false,"template":"","format":"standard","meta":{"_acf_changed":false,"footnotes":""},"categories":[21,22,23],"tags":[],"class_list":["post-3092","post","type-post","status-publish","format-standard","has-post-thumbnail","hentry","category-nachrichten-de","category-nieuws-de","category-zakelijk-nieuws-de"],"acf":[],"yoast_head":"<!-- This site is optimized with the Yoast SEO plugin v27.3 - https:\/\/yoast.com\/product\/yoast-seo-wordpress\/ -->\n<title>AFRIFLORA unterzeichnet IMVO Pakt f\u00fcr Blumenzucht -<\/title>\n<meta name=\"description\" content=\"AFRIFLORA unterzeichnet IMVO Pakt f\u00fcr Blumenzucht im World Horti Center. Vereinbarungen \u00fcber verantwortungsvollere internationale Zierpflanzen Produktion\" \/>\n<meta name=\"robots\" content=\"index, follow, max-snippet:-1, max-image-preview:large, max-video-preview:-1\" \/>\n<link rel=\"canonical\" href=\"https:\/\/afriflora.nl\/de\/afriflora-unterzeichnet-imvo-pakt-fuer-blumenzucht\/\" \/>\n<meta property=\"og:locale\" content=\"de_DE\" \/>\n<meta property=\"og:type\" content=\"article\" \/>\n<meta property=\"og:title\" content=\"AFRIFLORA unterzeichnet IMVO Pakt f\u00fcr Blumenzucht -\" \/>\n<meta property=\"og:description\" content=\"AFRIFLORA unterzeichnet IMVO Pakt f\u00fcr Blumenzucht im World Horti Center. Vereinbarungen \u00fcber verantwortungsvollere internationale Zierpflanzen Produktion\" \/>\n<meta property=\"og:url\" content=\"https:\/\/afriflora.nl\/de\/afriflora-unterzeichnet-imvo-pakt-fuer-blumenzucht\/\" \/>\n<meta property=\"article:published_time\" content=\"2019-07-09T11:22:02+00:00\" \/>\n<meta property=\"article:modified_time\" content=\"2024-08-30T12:49:59+00:00\" \/>\n<meta property=\"og:image\" content=\"https:\/\/afriflora.nl\/wp-content\/uploads\/2019\/07\/AFRIFLORA-ondertekent-IMVO-convenant-sierteelt-partners.png\" \/>\n\t<meta property=\"og:image:width\" content=\"1294\" \/>\n\t<meta property=\"og:image:height\" content=\"727\" \/>\n\t<meta property=\"og:image:type\" content=\"image\/png\" \/>\n<meta name=\"author\" content=\"wspadmin\" \/>\n<meta name=\"twitter:card\" content=\"summary_large_image\" \/>\n<meta name=\"twitter:label1\" content=\"Verfasst von\" \/>\n\t<meta name=\"twitter:data1\" content=\"wspadmin\" \/>\n\t<meta name=\"twitter:label2\" content=\"Gesch\u00e4tzte Lesezeit\" \/>\n\t<meta name=\"twitter:data2\" content=\"2\u00a0Minuten\" \/>\n<script type=\"application\/ld+json\" class=\"yoast-schema-graph\">{\"@context\":\"https:\\\/\\\/schema.org\",\"@graph\":[{\"@type\":[\"Article\",\"BlogPosting\"],\"@id\":\"https:\\\/\\\/afriflora.nl\\\/de\\\/afriflora-unterzeichnet-imvo-pakt-fuer-blumenzucht\\\/#article\",\"isPartOf\":{\"@id\":\"https:\\\/\\\/afriflora.nl\\\/de\\\/afriflora-unterzeichnet-imvo-pakt-fuer-blumenzucht\\\/\"},\"author\":{\"name\":\"wspadmin\",\"@id\":\"https:\\\/\\\/afriflora.nl\\\/#\\\/schema\\\/person\\\/229361c1d54ca1922aec7e453f39585e\"},\"headline\":\"AFRIFLORA unterzeichnet IMVO Pakt f\u00fcr Blumenzucht\",\"datePublished\":\"2019-07-09T11:22:02+00:00\",\"dateModified\":\"2024-08-30T12:49:59+00:00\",\"mainEntityOfPage\":{\"@id\":\"https:\\\/\\\/afriflora.nl\\\/de\\\/afriflora-unterzeichnet-imvo-pakt-fuer-blumenzucht\\\/\"},\"wordCount\":190,\"image\":{\"@id\":\"https:\\\/\\\/afriflora.nl\\\/de\\\/afriflora-unterzeichnet-imvo-pakt-fuer-blumenzucht\\\/#primaryimage\"},\"thumbnailUrl\":\"https:\\\/\\\/afriflora.nl\\\/wp-content\\\/uploads\\\/2019\\\/07\\\/AFRIFLORA-ondertekent-IMVO-convenant-sierteelt-partners.png\",\"articleSection\":[\"Nachrichten\",\"Nachrichten Afriflora\",\"Wirtschaftsnachrichten\"],\"inLanguage\":\"de\"},{\"@type\":\"WebPage\",\"@id\":\"https:\\\/\\\/afriflora.nl\\\/de\\\/afriflora-unterzeichnet-imvo-pakt-fuer-blumenzucht\\\/\",\"url\":\"https:\\\/\\\/afriflora.nl\\\/de\\\/afriflora-unterzeichnet-imvo-pakt-fuer-blumenzucht\\\/\",\"name\":\"AFRIFLORA unterzeichnet IMVO Pakt f\u00fcr Blumenzucht -\",\"isPartOf\":{\"@id\":\"https:\\\/\\\/afriflora.nl\\\/#website\"},\"primaryImageOfPage\":{\"@id\":\"https:\\\/\\\/afriflora.nl\\\/de\\\/afriflora-unterzeichnet-imvo-pakt-fuer-blumenzucht\\\/#primaryimage\"},\"image\":{\"@id\":\"https:\\\/\\\/afriflora.nl\\\/de\\\/afriflora-unterzeichnet-imvo-pakt-fuer-blumenzucht\\\/#primaryimage\"},\"thumbnailUrl\":\"https:\\\/\\\/afriflora.nl\\\/wp-content\\\/uploads\\\/2019\\\/07\\\/AFRIFLORA-ondertekent-IMVO-convenant-sierteelt-partners.png\",\"datePublished\":\"2019-07-09T11:22:02+00:00\",\"dateModified\":\"2024-08-30T12:49:59+00:00\",\"author\":{\"@id\":\"https:\\\/\\\/afriflora.nl\\\/#\\\/schema\\\/person\\\/229361c1d54ca1922aec7e453f39585e\"},\"description\":\"AFRIFLORA unterzeichnet IMVO Pakt f\u00fcr Blumenzucht im World Horti Center. Vereinbarungen \u00fcber verantwortungsvollere internationale Zierpflanzen Produktion\",\"breadcrumb\":{\"@id\":\"https:\\\/\\\/afriflora.nl\\\/de\\\/afriflora-unterzeichnet-imvo-pakt-fuer-blumenzucht\\\/#breadcrumb\"},\"inLanguage\":\"de\",\"potentialAction\":[{\"@type\":\"ReadAction\",\"target\":[\"https:\\\/\\\/afriflora.nl\\\/de\\\/afriflora-unterzeichnet-imvo-pakt-fuer-blumenzucht\\\/\"]}]},{\"@type\":\"ImageObject\",\"inLanguage\":\"de\",\"@id\":\"https:\\\/\\\/afriflora.nl\\\/de\\\/afriflora-unterzeichnet-imvo-pakt-fuer-blumenzucht\\\/#primaryimage\",\"url\":\"https:\\\/\\\/afriflora.nl\\\/wp-content\\\/uploads\\\/2019\\\/07\\\/AFRIFLORA-ondertekent-IMVO-convenant-sierteelt-partners.png\",\"contentUrl\":\"https:\\\/\\\/afriflora.nl\\\/wp-content\\\/uploads\\\/2019\\\/07\\\/AFRIFLORA-ondertekent-IMVO-convenant-sierteelt-partners.png\",\"width\":1294,\"height\":727},{\"@type\":\"BreadcrumbList\",\"@id\":\"https:\\\/\\\/afriflora.nl\\\/de\\\/afriflora-unterzeichnet-imvo-pakt-fuer-blumenzucht\\\/#breadcrumb\",\"itemListElement\":[{\"@type\":\"ListItem\",\"position\":1,\"name\":\"Home\",\"item\":\"https:\\\/\\\/afriflora.nl\\\/de\\\/\"},{\"@type\":\"ListItem\",\"position\":2,\"name\":\"AFRIFLORA unterzeichnet IMVO Pakt f\u00fcr Blumenzucht\"}]},{\"@type\":\"WebSite\",\"@id\":\"https:\\\/\\\/afriflora.nl\\\/#website\",\"url\":\"https:\\\/\\\/afriflora.nl\\\/\",\"name\":\"\",\"description\":\"\",\"potentialAction\":[{\"@type\":\"SearchAction\",\"target\":{\"@type\":\"EntryPoint\",\"urlTemplate\":\"https:\\\/\\\/afriflora.nl\\\/?s={search_term_string}\"},\"query-input\":{\"@type\":\"PropertyValueSpecification\",\"valueRequired\":true,\"valueName\":\"search_term_string\"}}],\"inLanguage\":\"de\"},{\"@type\":\"Person\",\"@id\":\"https:\\\/\\\/afriflora.nl\\\/#\\\/schema\\\/person\\\/229361c1d54ca1922aec7e453f39585e\",\"name\":\"wspadmin\",\"image\":{\"@type\":\"ImageObject\",\"inLanguage\":\"de\",\"@id\":\"https:\\\/\\\/secure.gravatar.com\\\/avatar\\\/af4f09150566c3c2779745db8badb6c9bd9b7714c8dab0818b0f39210c6a322a?s=96&d=mm&r=g\",\"url\":\"https:\\\/\\\/secure.gravatar.com\\\/avatar\\\/af4f09150566c3c2779745db8badb6c9bd9b7714c8dab0818b0f39210c6a322a?s=96&d=mm&r=g\",\"contentUrl\":\"https:\\\/\\\/secure.gravatar.com\\\/avatar\\\/af4f09150566c3c2779745db8badb6c9bd9b7714c8dab0818b0f39210c6a322a?s=96&d=mm&r=g\",\"caption\":\"wspadmin\"}}]}<\/script>\n<!-- \/ Yoast SEO plugin. -->","yoast_head_json":{"title":"AFRIFLORA unterzeichnet IMVO Pakt f\u00fcr Blumenzucht -","description":"AFRIFLORA unterzeichnet IMVO Pakt f\u00fcr Blumenzucht im World Horti Center. Vereinbarungen \u00fcber verantwortungsvollere internationale Zierpflanzen Produktion","robots":{"index":"index","follow":"follow","max-snippet":"max-snippet:-1","max-image-preview":"max-image-preview:large","max-video-preview":"max-video-preview:-1"},"canonical":"https:\/\/afriflora.nl\/de\/afriflora-unterzeichnet-imvo-pakt-fuer-blumenzucht\/","og_locale":"de_DE","og_type":"article","og_title":"AFRIFLORA unterzeichnet IMVO Pakt f\u00fcr Blumenzucht -","og_description":"AFRIFLORA unterzeichnet IMVO Pakt f\u00fcr Blumenzucht im World Horti Center. Vereinbarungen \u00fcber verantwortungsvollere internationale Zierpflanzen Produktion","og_url":"https:\/\/afriflora.nl\/de\/afriflora-unterzeichnet-imvo-pakt-fuer-blumenzucht\/","article_published_time":"2019-07-09T11:22:02+00:00","article_modified_time":"2024-08-30T12:49:59+00:00","og_image":[{"width":1294,"height":727,"url":"https:\/\/afriflora.nl\/wp-content\/uploads\/2019\/07\/AFRIFLORA-ondertekent-IMVO-convenant-sierteelt-partners.png","type":"image\/png"}],"author":"wspadmin","twitter_card":"summary_large_image","twitter_misc":{"Verfasst von":"wspadmin","Gesch\u00e4tzte Lesezeit":"2\u00a0Minuten"},"schema":{"@context":"https:\/\/schema.org","@graph":[{"@type":["Article","BlogPosting"],"@id":"https:\/\/afriflora.nl\/de\/afriflora-unterzeichnet-imvo-pakt-fuer-blumenzucht\/#article","isPartOf":{"@id":"https:\/\/afriflora.nl\/de\/afriflora-unterzeichnet-imvo-pakt-fuer-blumenzucht\/"},"author":{"name":"wspadmin","@id":"https:\/\/afriflora.nl\/#\/schema\/person\/229361c1d54ca1922aec7e453f39585e"},"headline":"AFRIFLORA unterzeichnet IMVO Pakt f\u00fcr Blumenzucht","datePublished":"2019-07-09T11:22:02+00:00","dateModified":"2024-08-30T12:49:59+00:00","mainEntityOfPage":{"@id":"https:\/\/afriflora.nl\/de\/afriflora-unterzeichnet-imvo-pakt-fuer-blumenzucht\/"},"wordCount":190,"image":{"@id":"https:\/\/afriflora.nl\/de\/afriflora-unterzeichnet-imvo-pakt-fuer-blumenzucht\/#primaryimage"},"thumbnailUrl":"https:\/\/afriflora.nl\/wp-content\/uploads\/2019\/07\/AFRIFLORA-ondertekent-IMVO-convenant-sierteelt-partners.png","articleSection":["Nachrichten","Nachrichten Afriflora","Wirtschaftsnachrichten"],"inLanguage":"de"},{"@type":"WebPage","@id":"https:\/\/afriflora.nl\/de\/afriflora-unterzeichnet-imvo-pakt-fuer-blumenzucht\/","url":"https:\/\/afriflora.nl\/de\/afriflora-unterzeichnet-imvo-pakt-fuer-blumenzucht\/","name":"AFRIFLORA unterzeichnet IMVO Pakt f\u00fcr Blumenzucht -","isPartOf":{"@id":"https:\/\/afriflora.nl\/#website"},"primaryImageOfPage":{"@id":"https:\/\/afriflora.nl\/de\/afriflora-unterzeichnet-imvo-pakt-fuer-blumenzucht\/#primaryimage"},"image":{"@id":"https:\/\/afriflora.nl\/de\/afriflora-unterzeichnet-imvo-pakt-fuer-blumenzucht\/#primaryimage"},"thumbnailUrl":"https:\/\/afriflora.nl\/wp-content\/uploads\/2019\/07\/AFRIFLORA-ondertekent-IMVO-convenant-sierteelt-partners.png","datePublished":"2019-07-09T11:22:02+00:00","dateModified":"2024-08-30T12:49:59+00:00","author":{"@id":"https:\/\/afriflora.nl\/#\/schema\/person\/229361c1d54ca1922aec7e453f39585e"},"description":"AFRIFLORA unterzeichnet IMVO Pakt f\u00fcr Blumenzucht im World Horti Center. Vereinbarungen \u00fcber verantwortungsvollere internationale Zierpflanzen Produktion","breadcrumb":{"@id":"https:\/\/afriflora.nl\/de\/afriflora-unterzeichnet-imvo-pakt-fuer-blumenzucht\/#breadcrumb"},"inLanguage":"de","potentialAction":[{"@type":"ReadAction","target":["https:\/\/afriflora.nl\/de\/afriflora-unterzeichnet-imvo-pakt-fuer-blumenzucht\/"]}]},{"@type":"ImageObject","inLanguage":"de","@id":"https:\/\/afriflora.nl\/de\/afriflora-unterzeichnet-imvo-pakt-fuer-blumenzucht\/#primaryimage","url":"https:\/\/afriflora.nl\/wp-content\/uploads\/2019\/07\/AFRIFLORA-ondertekent-IMVO-convenant-sierteelt-partners.png","contentUrl":"https:\/\/afriflora.nl\/wp-content\/uploads\/2019\/07\/AFRIFLORA-ondertekent-IMVO-convenant-sierteelt-partners.png","width":1294,"height":727},{"@type":"BreadcrumbList","@id":"https:\/\/afriflora.nl\/de\/afriflora-unterzeichnet-imvo-pakt-fuer-blumenzucht\/#breadcrumb","itemListElement":[{"@type":"ListItem","position":1,"name":"Home","item":"https:\/\/afriflora.nl\/de\/"},{"@type":"ListItem","position":2,"name":"AFRIFLORA unterzeichnet IMVO Pakt f\u00fcr Blumenzucht"}]},{"@type":"WebSite","@id":"https:\/\/afriflora.nl\/#website","url":"https:\/\/afriflora.nl\/","name":"","description":"","potentialAction":[{"@type":"SearchAction","target":{"@type":"EntryPoint","urlTemplate":"https:\/\/afriflora.nl\/?s={search_term_string}"},"query-input":{"@type":"PropertyValueSpecification","valueRequired":true,"valueName":"search_term_string"}}],"inLanguage":"de"},{"@type":"Person","@id":"https:\/\/afriflora.nl\/#\/schema\/person\/229361c1d54ca1922aec7e453f39585e","name":"wspadmin","image":{"@type":"ImageObject","inLanguage":"de","@id":"https:\/\/secure.gravatar.com\/avatar\/af4f09150566c3c2779745db8badb6c9bd9b7714c8dab0818b0f39210c6a322a?s=96&d=mm&r=g","url":"https:\/\/secure.gravatar.com\/avatar\/af4f09150566c3c2779745db8badb6c9bd9b7714c8dab0818b0f39210c6a322a?s=96&d=mm&r=g","contentUrl":"https:\/\/secure.gravatar.com\/avatar\/af4f09150566c3c2779745db8badb6c9bd9b7714c8dab0818b0f39210c6a322a?s=96&d=mm&r=g","caption":"wspadmin"}}]}},"_links":{"self":[{"href":"https:\/\/afriflora.nl\/de\/wp-json\/wp\/v2\/posts\/3092","targetHints":{"allow":["GET"]}}],"collection":[{"href":"https:\/\/afriflora.nl\/de\/wp-json\/wp\/v2\/posts"}],"about":[{"href":"https:\/\/afriflora.nl\/de\/wp-json\/wp\/v2\/types\/post"}],"author":[{"embeddable":true,"href":"https:\/\/afriflora.nl\/de\/wp-json\/wp\/v2\/users\/1"}],"replies":[{"embeddable":true,"href":"https:\/\/afriflora.nl\/de\/wp-json\/wp\/v2\/comments?post=3092"}],"version-history":[{"count":3,"href":"https:\/\/afriflora.nl\/de\/wp-json\/wp\/v2\/posts\/3092\/revisions"}],"predecessor-version":[{"id":7009,"href":"https:\/\/afriflora.nl\/de\/wp-json\/wp\/v2\/posts\/3092\/revisions\/7009"}],"wp:featuredmedia":[{"embeddable":true,"href":"https:\/\/afriflora.nl\/de\/wp-json\/wp\/v2\/media\/3087"}],"wp:attachment":[{"href":"https:\/\/afriflora.nl\/de\/wp-json\/wp\/v2\/media?parent=3092"}],"wp:term":[{"taxonomy":"category","embeddable":true,"href":"https:\/\/afriflora.nl\/de\/wp-json\/wp\/v2\/categories?post=3092"},{"taxonomy":"post_tag","embeddable":true,"href":"https:\/\/afriflora.nl\/de\/wp-json\/wp\/v2\/tags?post=3092"}],"curies":[{"name":"wp","href":"https:\/\/api.w.org\/{rel}","templated":true}]}}